{"id":1684,"date":"2012-04-04T07:24:48","date_gmt":"2012-04-04T06:24:48","guid":{"rendered":"https:\/\/justinstyle.cz\/?p=1684"},"modified":"2012-06-11T08:56:10","modified_gmt":"2012-06-11T07:56:10","slug":"happy-birthday-ritchie-d","status":"publish","type":"post","link":"https:\/\/justinstyle.cz\/?p=1684","title":{"rendered":"Happy Birthday, Ritchie .. :-D"},"content":{"rendered":"<p style=\"text-align: center;\">P\u0159ed \u0161esti lety se v Ch. S.<span style=\"color: #3366ff;\"><strong> Ze Skalist\u00fdch Hor narodil vrh G<\/strong><\/span> \u00a0\u2013 otec je n\u00e1\u0161 Berry Blue Foxy Fox, matka Anelim ze Skalist\u00fdch Hor.<\/p>\n<p style=\"text-align: center;\">V\u0161em \u201e\u0161t\u011b\u0148\u00e1tk\u016fm\u201c p\u0159eji hlavn\u011b zdrav\u00ed\u010dko, hodn\u00e9 p\u00e1n\u00edky, f\u016fru balonk\u016f, ove\u010dek a svobody \u2026 \ud83d\ude00<\/p>\n<p style=\"text-align: center;\">A nejv\u00edc toho v\u0161eho p\u0159eji na\u0161emu R\u00ed\u0161\u00e1nkovi \u2013 Gary Ritchie Ze Skalist\u00fdch Hor \u2013 na\u0161emu nejhodn\u011bj\u0161\u00edmu kudrn\u00e1\u010dkovi \u00a0\ud83d\ude00<\/p>\n<p style=\"text-align: center;\">\n<p style=\"text-align: center;\"><a href=\"https:\/\/justinstyle.cz\/wp-content\/uploads\/2012\/04\/DSC04362.jpg\"><img loading=\"lazy\" decoding=\"async\" class=\"aligncenter  wp-image-1685\" title=\"DSC04362\" src=\"https:\/\/justinstyle.cz\/wp-content\/uploads\/2012\/04\/DSC04362.jpg\" alt=\"\" width=\"266\" height=\"230\" srcset=\"https:\/\/justinstyle.cz\/wp-content\/uploads\/2012\/04\/DSC04362.jpg 1230w, https:\/\/justinstyle.cz\/wp-content\/uploads\/2012\/04\/DSC04362-300x260.jpg 300w, https:\/\/justinstyle.cz\/wp-content\/uploads\/2012\/04\/DSC04362-1024x888.jpg 1024w\" sizes=\"auto, (max-width: 266px) 100vw, 266px\" \/><\/a><\/p>\n<p style=\"text-align: center;\">\n<p style=\"text-align: center;\"><strong><span style=\"color: #3366ff;\">Kr\u00e1sn\u00e9 narozeninky, R\u00ed\u0161\u00e1nku\u00a0<\/span><\/strong><\/p>\n","protected":false},"excerpt":{"rendered":"P\u0159ed \u0161esti lety se v Ch. S. Ze Skalist\u00fdch Hor narodil vrh G \u00a0\u2013 otec je n\u00e1\u0161 Berry&hellip;\n","protected":false},"author":1,"featured_media":0,"comment_status":"open","ping_status":"open","sticky":false,"template":"","format":"standard","meta":{"footnotes":""},"categories":[17,1],"tags":[],"class_list":{"0":"post-1684","1":"post","2":"type-post","3":"status-publish","4":"format-standard","6":"category-17","7":"category-ostatni","8":"cs-entry","9":"cs-video-wrap"},"_links":{"self":[{"href":"https:\/\/justinstyle.cz\/index.php?rest_route=\/wp\/v2\/posts\/1684","targetHints":{"allow":["GET"]}}],"collection":[{"href":"https:\/\/justinstyle.cz\/index.php?rest_route=\/wp\/v2\/posts"}],"about":[{"href":"https:\/\/justinstyle.cz\/index.php?rest_route=\/wp\/v2\/types\/post"}],"author":[{"embeddable":true,"href":"https:\/\/justinstyle.cz\/index.php?rest_route=\/wp\/v2\/users\/1"}],"replies":[{"embeddable":true,"href":"https:\/\/justinstyle.cz\/index.php?rest_route=%2Fwp%2Fv2%2Fcomments&post=1684"}],"version-history":[{"count":2,"href":"https:\/\/justinstyle.cz\/index.php?rest_route=\/wp\/v2\/posts\/1684\/revisions"}],"predecessor-version":[{"id":1770,"href":"https:\/\/justinstyle.cz\/index.php?rest_route=\/wp\/v2\/posts\/1684\/revisions\/1770"}],"wp:attachment":[{"href":"https:\/\/justinstyle.cz\/index.php?rest_route=%2Fwp%2Fv2%2Fmedia&parent=1684"}],"wp:term":[{"taxonomy":"category","embeddable":true,"href":"https:\/\/justinstyle.cz\/index.php?rest_route=%2Fwp%2Fv2%2Fcategories&post=1684"},{"taxonomy":"post_tag","embeddable":true,"href":"https:\/\/justinstyle.cz\/index.php?rest_route=%2Fwp%2Fv2%2Ftags&post=1684"}],"curies":[{"name":"wp","href":"https:\/\/api.w.org\/{rel}","templated":true}]}}