{"id":2432,"date":"2013-07-08T08:10:37","date_gmt":"2013-07-08T07:10:37","guid":{"rendered":"https:\/\/justinstyle.cz\/?p=2432"},"modified":"2013-09-01T09:00:53","modified_gmt":"2013-09-01T08:00:53","slug":"duocacib-velka-ida-sk","status":"publish","type":"post","link":"https:\/\/justinstyle.cz\/?p=2432","title":{"rendered":"DuoCACIB Velk\u00e1 Ida, SK"},"content":{"rendered":"<h2 id=\"cacib-velka-ida-sk-6-7-2013\" style=\"text-align: center;\"><span style=\"color: #0000ff;\">CACIB Velk\u00e1 Ida, SK, 6.7.2013<\/span><\/h2>\n<div style=\"text-align: center;\">Judge Judit Kor\u00f3zs \u2013 Papp, H, entered 14 boc<\/div>\n<div style=\"text-align: center;\"><span style=\"color: #800000;\"><strong>Borderline Country Ravel<\/strong><\/span>, intermediate class (2)<strong><span style=\"color: #ff0000;\"> Ex 1, CAC, r. CACIB<\/span><\/strong><\/div>\n<div style=\"text-align: center;\"><\/div>\n<div>\n<h2 id=\"cacib-velka-ida-sk-7-7-2013\" style=\"text-align: center;\"><span style=\"color: #0000ff;\">CACIB Velk\u00e1 Ida, SK, 7.7.2013<\/span><\/h2>\n<div style=\"text-align: center;\">Judge Anna Kochan, Pl, entered 10 boc<\/div>\n<div style=\"text-align: center;\"><strong><span style=\"color: #800000;\">Borderline Country Ravel<\/span><\/strong>, intermediate class (1) <span style=\"color: #ff0000;\"><strong>Ex 1, CAC<\/strong><\/span><\/div>\n<div style=\"text-align: center;\"><\/div>\n<div style=\"text-align: center;\">Ud\u011blali jsme si \u00fa\u017easn\u00fd v\u00fdlet p\u0159es cel\u00e9 Slovensko, se zast\u00e1vkou v Liptovsk\u00e9m Mikul\u00e1\u0161i, kde se narodila Ver\u010da. Projeli Poprad a n\u00e1dhern\u00e9 okol\u00ed, ubytovali jsme se v Pre\u0161ov\u011b, kter\u00fd m\u00e1 kr\u00e1sn\u00e9 historick\u00e9 centrum, ochutnali zdej\u0161\u00ed specialitky. No a jen tak jako bonus byla i dvoudenn\u00ed v\u00fdstavi\u010dka. Jela s n\u00e1mi i vyp\u016fj\u010den\u00e1 Freninka \u2013 holansk\u00fd ov\u010d\u00e1k. Prvn\u00ed den sice dostala \u201ejen\u201c VD, ale druh\u00fd den u\u017e vybrala v\u0161echno, co se dalo, tak\u017ee V1, CAC, CACIB a BOB. M\u011b nav\u00edc moc pot\u011b\u0161ilo, \u017ee se Rav\u010da l\u00edbil i ma\u010farsk\u00e9 rozhod\u010d\u00ed J.Papp i polsk\u00e9 A. Kochan, kter\u00fdch obou si velice v\u00e1\u017e\u00edm.<\/div>\n<\/div>\n","protected":false},"excerpt":{"rendered":"CACIB Velk\u00e1 Ida, SK, 6.7.2013 Judge Judit Kor\u00f3zs \u2013 Papp, H, entered 14 boc Borderline Country Ravel, intermediate&hellip;\n","protected":false},"author":1,"featured_media":0,"comment_status":"open","ping_status":"open","sticky":false,"template":"","format":"standard","meta":{"footnotes":""},"categories":[19,1],"tags":[],"class_list":{"0":"post-2432","1":"post","2":"type-post","3":"status-publish","4":"format-standard","6":"category-19","7":"category-ostatni","8":"cs-entry","9":"cs-video-wrap"},"_links":{"self":[{"href":"https:\/\/justinstyle.cz\/index.php?rest_route=\/wp\/v2\/posts\/2432","targetHints":{"allow":["GET"]}}],"collection":[{"href":"https:\/\/justinstyle.cz\/index.php?rest_route=\/wp\/v2\/posts"}],"about":[{"href":"https:\/\/justinstyle.cz\/index.php?rest_route=\/wp\/v2\/types\/post"}],"author":[{"embeddable":true,"href":"https:\/\/justinstyle.cz\/index.php?rest_route=\/wp\/v2\/users\/1"}],"replies":[{"embeddable":true,"href":"https:\/\/justinstyle.cz\/index.php?rest_route=%2Fwp%2Fv2%2Fcomments&post=2432"}],"version-history":[{"count":2,"href":"https:\/\/justinstyle.cz\/index.php?rest_route=\/wp\/v2\/posts\/2432\/revisions"}],"predecessor-version":[{"id":2477,"href":"https:\/\/justinstyle.cz\/index.php?rest_route=\/wp\/v2\/posts\/2432\/revisions\/2477"}],"wp:attachment":[{"href":"https:\/\/justinstyle.cz\/index.php?rest_route=%2Fwp%2Fv2%2Fmedia&parent=2432"}],"wp:term":[{"taxonomy":"category","embeddable":true,"href":"https:\/\/justinstyle.cz\/index.php?rest_route=%2Fwp%2Fv2%2Fcategories&post=2432"},{"taxonomy":"post_tag","embeddable":true,"href":"https:\/\/justinstyle.cz\/index.php?rest_route=%2Fwp%2Fv2%2Ftags&post=2432"}],"curies":[{"name":"wp","href":"https:\/\/api.w.org\/{rel}","templated":true}]}}