{"id":479,"date":"2010-11-01T16:53:20","date_gmt":"2010-11-01T15:53:20","guid":{"rendered":"https:\/\/justinstyle.cz\/?p=479"},"modified":"2011-04-22T07:37:32","modified_gmt":"2011-04-22T06:37:32","slug":"stenatka-a-jine","status":"publish","type":"post","link":"https:\/\/justinstyle.cz\/?p=479","title":{"rendered":"\u0160t\u011b\u0148\u00e1tka a jin\u00e9 :-)"},"content":{"rendered":"<p style=\"text-align: center;\">Prodlou\u017een\u00fd v\u00edkend \u2013 od \u010dtvrtka do ned\u011ble \u2013 jsme si s chlape\u010dkama b\u00e1je\u010dn\u011b u\u017e\u00edvali. Ve \u010dtvrtek mega prochajda na J\u00edvov\u00e9. Romantika jak cumel: podzimn\u00ed pohodi\u010dka, barevn\u00e9 list\u00ed, jinovatka, slun\u00ed\u010dko, bal\u00edky sena, border\u00e1\u010dci rozprchnut\u00ed do prostoru. \u00a0Ani jsem nevn\u00edmala, \u017ee m\u00e1m mokro v bot\u00e1ch, gat\u011b nacucan\u00e9 a\u017e ke kolen\u016fm.<\/p>\n<p style=\"text-align: center;\">V p\u00e1tek r\u00e1no p\u0159ijela Verunka a Qwispi. Spole\u010dn\u011b jsme vyrazili na v\u00fdlet za \u0161t\u011b\u0148\u00e1tkama Dr\u00e1\u010d\u00e1tkama do Ch. S. B\u00e1nov Bells. \u0160t\u011bnda jsou b\u00e1je\u010dn\u00e1, povahov\u011b i vzhledov\u011b. Maj\u00ed svoj\u00ed velikou zahradu, jsou zvykl\u00e1 na d\u011bti, jin\u00e9 pejsky, na hromady n\u00e1v\u0161t\u011bv. Co\u017e je na nich zn\u00e1t. \u00a0 Fene\u010dka Ad\u00e9lka z\u016fstane v dom\u00e1c\u00ed Ch. S., Agent je zadan\u00fd, pejsek Adam a Arm\u00e1ni na sv\u00e9 p\u00e1n\u00ed\u010dky je\u0161t\u011b \u010dekaj\u00ed. \u00a0Pokusila jsem se \u010f\u00e1bl\u00edky nafotit a tady jsou jejich fotky: \u00a0<a href=\"http:\/\/ffbi.rajce.idnes.cz\/Stenatka_Drake_29.10.2010\/\">Dr\u00e1\u010data<\/a><\/p>\n<p style=\"text-align: center;\">V sobotu a ned\u011bli jsme s chlape\u010dkama pracovali na dome\u010dku. Tedy j\u00e1 na dome\u010dku, chlape\u010dci na zahrad\u011b. V\u017edycky lituju sousedovic slepi\u010dky \u2026 \ud83d\ude42 Trochu jsme procvi\u010dili poslu\u0161nost, aporte\u010dky, odlo\u017een\u00ed. Kluci si to u\u017e\u00edvali, po\u010das\u00ed n\u00e1m p\u0159\u00e1lo, prost\u011b par\u00e1dn\u00ed dny.<\/p>\n","protected":false},"excerpt":{"rendered":"Prodlou\u017een\u00fd v\u00edkend \u2013 od \u010dtvrtka do ned\u011ble \u2013 jsme si s chlape\u010dkama b\u00e1je\u010dn\u011b u\u017e\u00edvali. Ve \u010dtvrtek mega prochajda&hellip;\n","protected":false},"author":1,"featured_media":0,"comment_status":"open","ping_status":"open","sticky":false,"template":"","format":"standard","meta":{"footnotes":""},"categories":[11,1],"tags":[],"class_list":{"0":"post-479","1":"post","2":"type-post","3":"status-publish","4":"format-standard","6":"category-archiv-2010","7":"category-ostatni","8":"cs-entry","9":"cs-video-wrap"},"_links":{"self":[{"href":"https:\/\/justinstyle.cz\/index.php?rest_route=\/wp\/v2\/posts\/479","targetHints":{"allow":["GET"]}}],"collection":[{"href":"https:\/\/justinstyle.cz\/index.php?rest_route=\/wp\/v2\/posts"}],"about":[{"href":"https:\/\/justinstyle.cz\/index.php?rest_route=\/wp\/v2\/types\/post"}],"author":[{"embeddable":true,"href":"https:\/\/justinstyle.cz\/index.php?rest_route=\/wp\/v2\/users\/1"}],"replies":[{"embeddable":true,"href":"https:\/\/justinstyle.cz\/index.php?rest_route=%2Fwp%2Fv2%2Fcomments&post=479"}],"version-history":[{"count":2,"href":"https:\/\/justinstyle.cz\/index.php?rest_route=\/wp\/v2\/posts\/479\/revisions"}],"predecessor-version":[{"id":753,"href":"https:\/\/justinstyle.cz\/index.php?rest_route=\/wp\/v2\/posts\/479\/revisions\/753"}],"wp:attachment":[{"href":"https:\/\/justinstyle.cz\/index.php?rest_route=%2Fwp%2Fv2%2Fmedia&parent=479"}],"wp:term":[{"taxonomy":"category","embeddable":true,"href":"https:\/\/justinstyle.cz\/index.php?rest_route=%2Fwp%2Fv2%2Fcategories&post=479"},{"taxonomy":"post_tag","embeddable":true,"href":"https:\/\/justinstyle.cz\/index.php?rest_route=%2Fwp%2Fv2%2Ftags&post=479"}],"curies":[{"name":"wp","href":"https:\/\/api.w.org\/{rel}","templated":true}]}}