{"id":681,"date":"2011-04-04T18:59:54","date_gmt":"2011-04-04T17:59:54","guid":{"rendered":"https:\/\/justinstyle.cz\/?p=681"},"modified":"2011-04-22T07:33:11","modified_gmt":"2011-04-22T06:33:11","slug":"risanek-narozky","status":"publish","type":"post","link":"https:\/\/justinstyle.cz\/?p=681","title":{"rendered":"R\u00ed\u0161\u00e1nek narozky"},"content":{"rendered":"<h2 id=\"dnes-slavi-svoje-pate-narozeninky-nas-risanek\" style=\"text-align: center;\"><span style=\"color: #3366ff;\"><strong>Dnes slav\u00ed svoje p\u00e1t\u00e9 narozeninky n\u00e1\u0161 R\u00ed\u0161\u00e1nek<\/strong><\/span><\/h2>\n<p style=\"text-align: center;\">\n<p style=\"text-align: center;\">\n<p style=\"text-align: center;\"><a href=\"https:\/\/justinstyle.cz\/wp-content\/uploads\/2011\/04\/R\u00ed\u0161a-5.jpg\"><img loading=\"lazy\" decoding=\"async\" class=\"alignnone size-full wp-image-686\" title=\"R\u00ed\u0161a 5\" src=\"https:\/\/justinstyle.cz\/wp-content\/uploads\/2011\/04\/R\u00ed\u0161a-5.jpg\" alt=\"\" width=\"273\" height=\"368\" \/><\/a><\/p>\n<p style=\"text-align: center;\">\n<p style=\"text-align: center;\">Pro R\u00ed\u0161u jsem si dojela do jeho \u201epracovn\u00edho\u201c p\u016fsobi\u0161t\u011b a vyrazili jsme spolu sami dva na v\u00fdlet. Tlemil se celou cestu a skute\u010dn\u011b si u\u017e\u00edval. Skon\u010dili jsme doma na dome\u010dku, kde u\u017e\u00edv\u00e1n\u00ed plynule pokra\u010dovalo. Proto\u017ee u mamky je to b\u00e1je\u010dn\u00e9, jsou tu kluci border\u00e1ci, spousty dal\u0161\u00edch pejsk\u016f v okol\u00ed, je tu obrovsk\u00e1 zahrada, kter\u00e1 se mus\u00ed po\u0159\u00e1dn\u00e9 prob\u011bhat.<\/p>\n<p style=\"text-align: center;\">Ri\u0161ulko, p\u0159eji ti v\u0161echno nej k dne\u0161n\u00edm narozk\u00e1m, hodn\u00e9 kravi\u010dky v pr\u00e1ci, zlobiv\u00e9 ko\u010di\u010dky, poslu\u0161n\u00e9ho Jardu s Hokynkem. A\u0165 jsi spokojen\u00fd a usm\u011bvav\u00fd, a\u0165 ti chutnaj\u00ed granulky a slou\u017e\u00ed zdrav\u00ed\u010dko. M\u00e1me t\u011b s chlape\u010dkama moc r\u00e1di \ud83d\ude42<\/p>\n<p style=\"text-align: center;\">\n","protected":false},"excerpt":{"rendered":"Dnes slav\u00ed svoje p\u00e1t\u00e9 narozeninky n\u00e1\u0161 R\u00ed\u0161\u00e1nek Pro R\u00ed\u0161u jsem si dojela do jeho \u201epracovn\u00edho\u201c p\u016fsobi\u0161t\u011b a vyrazili&hellip;\n","protected":false},"author":1,"featured_media":0,"comment_status":"open","ping_status":"open","sticky":false,"template":"","format":"standard","meta":{"footnotes":""},"categories":[12,1],"tags":[],"class_list":{"0":"post-681","1":"post","2":"type-post","3":"status-publish","4":"format-standard","6":"category-archiv-2011","7":"category-ostatni","8":"cs-entry","9":"cs-video-wrap"},"_links":{"self":[{"href":"https:\/\/justinstyle.cz\/index.php?rest_route=\/wp\/v2\/posts\/681","targetHints":{"allow":["GET"]}}],"collection":[{"href":"https:\/\/justinstyle.cz\/index.php?rest_route=\/wp\/v2\/posts"}],"about":[{"href":"https:\/\/justinstyle.cz\/index.php?rest_route=\/wp\/v2\/types\/post"}],"author":[{"embeddable":true,"href":"https:\/\/justinstyle.cz\/index.php?rest_route=\/wp\/v2\/users\/1"}],"replies":[{"embeddable":true,"href":"https:\/\/justinstyle.cz\/index.php?rest_route=%2Fwp%2Fv2%2Fcomments&post=681"}],"version-history":[{"count":2,"href":"https:\/\/justinstyle.cz\/index.php?rest_route=\/wp\/v2\/posts\/681\/revisions"}],"predecessor-version":[{"id":722,"href":"https:\/\/justinstyle.cz\/index.php?rest_route=\/wp\/v2\/posts\/681\/revisions\/722"}],"wp:attachment":[{"href":"https:\/\/justinstyle.cz\/index.php?rest_route=%2Fwp%2Fv2%2Fmedia&parent=681"}],"wp:term":[{"taxonomy":"category","embeddable":true,"href":"https:\/\/justinstyle.cz\/index.php?rest_route=%2Fwp%2Fv2%2Fcategories&post=681"},{"taxonomy":"post_tag","embeddable":true,"href":"https:\/\/justinstyle.cz\/index.php?rest_route=%2Fwp%2Fv2%2Ftags&post=681"}],"curies":[{"name":"wp","href":"https:\/\/api.w.org\/{rel}","templated":true}]}}